{"id":1080,"date":"2021-10-14T16:46:20","date_gmt":"2021-10-14T14:46:20","guid":{"rendered":"http:\/\/www.gruene-bergen-enkheim.de\/?p=1080"},"modified":"2021-10-31T11:22:13","modified_gmt":"2021-10-31T10:22:13","slug":"unterstuetzung-fuer-den-enkheimer-wald","status":"publish","type":"post","link":"http:\/\/www.gruene-bergen-enkheim.de\/?p=1080","title":{"rendered":"Unterst\u00fctzung f\u00fcr den Enkheimer Wald"},"content":{"rendered":"\n<p>Am 23.10.21 starteten wir unter dem Stichwort \u201eNaturverj\u00fcngung\u201c und unter fachkundiger Anleitung mit dem Entfernen von Traubenkirschen und der Ummantelung von Eichenspr\u00f6sslingen. Es konnten 75 B\u00e4ume gepflanzt oder gesch\u00fctzt werden. Der tatkr\u00e4ftige Einsatz war sehr interessant und hat auch viel Spa\u00df gemacht. Ende November soll eine weitere Pflanzaktion starten, wir werden \u00fcber die aktuellen Termine informieren. Vielen Dank an alle Helfer*innen und Unterst\u00fctzer*innen!<\/p>\n\n\n\n<figure class=\"wp-block-image size-full is-resized\"><a href=\"http:\/\/www.gruene-bergen-enkheim.de\/wp-content\/uploads\/2021\/10\/20B77600-3379-430D-8AC9-00B8F3D149F6.jpeg\"><img loading=\"lazy\" decoding=\"async\" src=\"http:\/\/www.gruene-bergen-enkheim.de\/wp-content\/uploads\/2021\/10\/20B77600-3379-430D-8AC9-00B8F3D149F6.jpeg\" alt=\"\" class=\"wp-image-1090\" width=\"190\" height=\"337\" srcset=\"http:\/\/www.gruene-bergen-enkheim.de\/wp-content\/uploads\/2021\/10\/20B77600-3379-430D-8AC9-00B8F3D149F6.jpeg 547w, http:\/\/www.gruene-bergen-enkheim.de\/wp-content\/uploads\/2021\/10\/20B77600-3379-430D-8AC9-00B8F3D149F6-169x300.jpeg 169w\" sizes=\"auto, (max-width: 190px) 100vw, 190px\" \/><\/a><\/figure>\n\n\n\n<figure class=\"wp-block-image size-full is-resized\"><a href=\"http:\/\/www.gruene-bergen-enkheim.de\/wp-content\/uploads\/2021\/10\/A6FB1B11-96AB-4718-AE09-E7BAC6F4F55C.jpeg\"><img loading=\"lazy\" decoding=\"async\" src=\"http:\/\/www.gruene-bergen-enkheim.de\/wp-content\/uploads\/2021\/10\/A6FB1B11-96AB-4718-AE09-E7BAC6F4F55C.jpeg\" alt=\"\" class=\"wp-image-1095\" width=\"341\" height=\"191\" srcset=\"http:\/\/www.gruene-bergen-enkheim.de\/wp-content\/uploads\/2021\/10\/A6FB1B11-96AB-4718-AE09-E7BAC6F4F55C.jpeg 972w, http:\/\/www.gruene-bergen-enkheim.de\/wp-content\/uploads\/2021\/10\/A6FB1B11-96AB-4718-AE09-E7BAC6F4F55C-300x169.jpeg 300w, http:\/\/www.gruene-bergen-enkheim.de\/wp-content\/uploads\/2021\/10\/A6FB1B11-96AB-4718-AE09-E7BAC6F4F55C-768x432.jpeg 768w\" sizes=\"auto, (max-width: 341px) 100vw, 341px\" \/><\/a><\/figure>\n\n\n\n<p><\/p>\n","protected":false},"excerpt":{"rendered":"<p>Am 23.10.21 starteten wir unter dem Stichwort \u201eNaturverj\u00fcngung\u201c und unter fachkundiger Anleitung mit dem Entfernen von Traubenkirschen und der Ummantelung von Eichenspr\u00f6sslingen. Es konnten 75 B\u00e4ume gepflanzt oder gesch\u00fctzt werden. Der tatkr\u00e4ftige Einsatz war sehr interessant und hat auch viel Spa\u00df gemacht. Ende November soll eine weitere Pflanzaktion starten, wir werden \u00fcber die aktuellen Termine [&hellip;]<\/p>\n","protected":false},"author":5,"featured_media":0,"comment_status":"open","ping_status":"open","sticky":false,"template":"","format":"standard","meta":{"footnotes":""},"categories":[1],"tags":[],"class_list":["post-1080","post","type-post","status-publish","format-standard","hentry","category-allgemein"],"_links":{"self":[{"href":"http:\/\/www.gruene-bergen-enkheim.de\/index.php?rest_route=\/wp\/v2\/posts\/1080","targetHints":{"allow":["GET"]}}],"collection":[{"href":"http:\/\/www.gruene-bergen-enkheim.de\/index.php?rest_route=\/wp\/v2\/posts"}],"about":[{"href":"http:\/\/www.gruene-bergen-enkheim.de\/index.php?rest_route=\/wp\/v2\/types\/post"}],"author":[{"embeddable":true,"href":"http:\/\/www.gruene-bergen-enkheim.de\/index.php?rest_route=\/wp\/v2\/users\/5"}],"replies":[{"embeddable":true,"href":"http:\/\/www.gruene-bergen-enkheim.de\/index.php?rest_route=%2Fwp%2Fv2%2Fcomments&post=1080"}],"version-history":[{"count":9,"href":"http:\/\/www.gruene-bergen-enkheim.de\/index.php?rest_route=\/wp\/v2\/posts\/1080\/revisions"}],"predecessor-version":[{"id":1100,"href":"http:\/\/www.gruene-bergen-enkheim.de\/index.php?rest_route=\/wp\/v2\/posts\/1080\/revisions\/1100"}],"wp:attachment":[{"href":"http:\/\/www.gruene-bergen-enkheim.de\/index.php?rest_route=%2Fwp%2Fv2%2Fmedia&parent=1080"}],"wp:term":[{"taxonomy":"category","embeddable":true,"href":"http:\/\/www.gruene-bergen-enkheim.de\/index.php?rest_route=%2Fwp%2Fv2%2Fcategories&post=1080"},{"taxonomy":"post_tag","embeddable":true,"href":"http:\/\/www.gruene-bergen-enkheim.de\/index.php?rest_route=%2Fwp%2Fv2%2Ftags&post=1080"}],"curies":[{"name":"wp","href":"https:\/\/api.w.org\/{rel}","templated":true}]}}