{"id":1260,"date":"2025-12-10T17:08:20","date_gmt":"2025-12-10T16:08:20","guid":{"rendered":"https:\/\/www.gruene-bergen-enkheim.de\/?p=1260"},"modified":"2025-12-10T17:08:21","modified_gmt":"2025-12-10T16:08:21","slug":"gruener-november-fruehstueck","status":"publish","type":"post","link":"http:\/\/www.gruene-bergen-enkheim.de\/?p=1260","title":{"rendered":"Gr\u00fcner November Fr\u00fchst\u00fcck"},"content":{"rendered":"\n<figure class=\"wp-block-image size-large\"><a href=\"https:\/\/www.gruene-bergen-enkheim.de\/wp-content\/uploads\/2025\/12\/image-1.jpeg\"><img loading=\"lazy\" decoding=\"async\" width=\"1024\" height=\"640\" src=\"https:\/\/www.gruene-bergen-enkheim.de\/wp-content\/uploads\/2025\/12\/image-1-1024x640.jpeg\" alt=\"\" class=\"wp-image-1261\" srcset=\"http:\/\/www.gruene-bergen-enkheim.de\/wp-content\/uploads\/2025\/12\/image-1-1024x640.jpeg 1024w, http:\/\/www.gruene-bergen-enkheim.de\/wp-content\/uploads\/2025\/12\/image-1-300x188.jpeg 300w, http:\/\/www.gruene-bergen-enkheim.de\/wp-content\/uploads\/2025\/12\/image-1-768x480.jpeg 768w, http:\/\/www.gruene-bergen-enkheim.de\/wp-content\/uploads\/2025\/12\/image-1-1536x960.jpeg 1536w, http:\/\/www.gruene-bergen-enkheim.de\/wp-content\/uploads\/2025\/12\/image-1-2048x1280.jpeg 2048w\" sizes=\"auto, (max-width: 1024px) 100vw, 1024px\" \/><\/a><\/figure>\n\n\n\n<p><\/p>\n","protected":false},"excerpt":{"rendered":"","protected":false},"author":6,"featured_media":0,"comment_status":"open","ping_status":"open","sticky":false,"template":"","format":"standard","meta":{"footnotes":""},"categories":[1],"tags":[],"class_list":["post-1260","post","type-post","status-publish","format-standard","hentry","category-allgemein"],"_links":{"self":[{"href":"http:\/\/www.gruene-bergen-enkheim.de\/index.php?rest_route=\/wp\/v2\/posts\/1260","targetHints":{"allow":["GET"]}}],"collection":[{"href":"http:\/\/www.gruene-bergen-enkheim.de\/index.php?rest_route=\/wp\/v2\/posts"}],"about":[{"href":"http:\/\/www.gruene-bergen-enkheim.de\/index.php?rest_route=\/wp\/v2\/types\/post"}],"author":[{"embeddable":true,"href":"http:\/\/www.gruene-bergen-enkheim.de\/index.php?rest_route=\/wp\/v2\/users\/6"}],"replies":[{"embeddable":true,"href":"http:\/\/www.gruene-bergen-enkheim.de\/index.php?rest_route=%2Fwp%2Fv2%2Fcomments&post=1260"}],"version-history":[{"count":1,"href":"http:\/\/www.gruene-bergen-enkheim.de\/index.php?rest_route=\/wp\/v2\/posts\/1260\/revisions"}],"predecessor-version":[{"id":1262,"href":"http:\/\/www.gruene-bergen-enkheim.de\/index.php?rest_route=\/wp\/v2\/posts\/1260\/revisions\/1262"}],"wp:attachment":[{"href":"http:\/\/www.gruene-bergen-enkheim.de\/index.php?rest_route=%2Fwp%2Fv2%2Fmedia&parent=1260"}],"wp:term":[{"taxonomy":"category","embeddable":true,"href":"http:\/\/www.gruene-bergen-enkheim.de\/index.php?rest_route=%2Fwp%2Fv2%2Fcategories&post=1260"},{"taxonomy":"post_tag","embeddable":true,"href":"http:\/\/www.gruene-bergen-enkheim.de\/index.php?rest_route=%2Fwp%2Fv2%2Ftags&post=1260"}],"curies":[{"name":"wp","href":"https:\/\/api.w.org\/{rel}","templated":true}]}}