{"id":1303,"date":"2026-01-13T12:53:13","date_gmt":"2026-01-13T11:53:13","guid":{"rendered":"https:\/\/www.gruene-bergen-enkheim.de\/?p=1303"},"modified":"2026-01-13T12:53:15","modified_gmt":"2026-01-13T11:53:15","slug":"1303","status":"publish","type":"post","link":"http:\/\/www.gruene-bergen-enkheim.de\/?p=1303","title":{"rendered":""},"content":{"rendered":"\n<figure class=\"wp-block-image size-large\"><a href=\"https:\/\/www.gruene-bergen-enkheim.de\/wp-content\/uploads\/2026\/01\/486E7B8D-E386-4C85-BBAF-9772C232A1F1-1.jpg\"><img loading=\"lazy\" decoding=\"async\" width=\"819\" height=\"1024\" src=\"https:\/\/www.gruene-bergen-enkheim.de\/wp-content\/uploads\/2026\/01\/486E7B8D-E386-4C85-BBAF-9772C232A1F1-1-819x1024.jpg\" alt=\"\" class=\"wp-image-1304\" srcset=\"http:\/\/www.gruene-bergen-enkheim.de\/wp-content\/uploads\/2026\/01\/486E7B8D-E386-4C85-BBAF-9772C232A1F1-1-819x1024.jpg 819w, http:\/\/www.gruene-bergen-enkheim.de\/wp-content\/uploads\/2026\/01\/486E7B8D-E386-4C85-BBAF-9772C232A1F1-1-240x300.jpg 240w, http:\/\/www.gruene-bergen-enkheim.de\/wp-content\/uploads\/2026\/01\/486E7B8D-E386-4C85-BBAF-9772C232A1F1-1-768x960.jpg 768w, http:\/\/www.gruene-bergen-enkheim.de\/wp-content\/uploads\/2026\/01\/486E7B8D-E386-4C85-BBAF-9772C232A1F1-1.jpg 1080w\" sizes=\"auto, (max-width: 819px) 100vw, 819px\" \/><\/a><\/figure>\n\n\n\n<p>Wahlkampf ist Teamwork \u2013 und du bist gefragt! &#x1f331;&#x270a;<\/p>\n\n\n\n<p>Du willst mitmischen, aber wei\u00dft nicht genau WIE? Oder du hast schon Erfahrung und willst dein Wissen teilen? Perfekt! Am Samstag packen wir\u2019s gemeinsam an \u2013 beim Workshop \u201eHow to Wahlkampf\u201c im Saalbau S\u00fcdbahnhof.<\/p>\n\n\n\n<p>&#x1f539; Lerne, wie du beim Klingeln an Haust\u00fcren f\u00fcr gr\u00fcne Sichtbarkeit sorgst<\/p>\n\n\n\n<p>&#x1f539; \u00dcbe, souver\u00e4n mit schwierigen Fragen umzugehen \u2013 ohne in die Defensive zu geraten.<\/p>\n\n\n\n<p>&#x1f539; Tausche dich aus mit anderen, die wie du die Welt gr\u00fcner machen wollen.<\/p>\n\n\n\n<p>Kostenlos. Offen f\u00fcr alle. Egal, ob du Neu-Einsteiger*in oder alter Hase bist \u2013 Hauptsache, du bringst Lust auf Kommunalwahlkampf mit!<\/p>\n\n\n\n<p>&#x1f4c5; Wann? Samstag, 17.01., 11\u201314 Uhr<\/p>\n\n\n\n<p>&#x1f4cd; Wo? Anne B\u00e4renz-Saal, Hedderichstra\u00dfe 51 (Frankfurt) Meld dich jetzt an \u2013 schreib einfach \u201eIch bin dabei!\u201c in die Kommentare oder komm spontan vorbei. Gemeinsam gewinnen wir diese Wahl! &#x1f49a;<\/p>\n\n\n\n<p>#kommunalwahl2026 #frankfurt #gr\u00fcnwirkt #zukunftgestalten #winterwahlkampf<\/p>\n","protected":false},"excerpt":{"rendered":"<p>Wahlkampf ist Teamwork \u2013 und du bist gefragt! &#x1f331;&#x270a; Du willst mitmischen, aber wei\u00dft nicht genau WIE? Oder du hast schon Erfahrung und willst dein Wissen teilen? Perfekt! Am Samstag packen wir\u2019s gemeinsam an \u2013 beim Workshop \u201eHow to Wahlkampf\u201c im Saalbau S\u00fcdbahnhof. &#x1f539; Lerne, wie du beim Klingeln an Haust\u00fcren f\u00fcr gr\u00fcne Sichtbarkeit sorgst [&hellip;]<\/p>\n","protected":false},"author":6,"featured_media":0,"comment_status":"open","ping_status":"open","sticky":false,"template":"","format":"standard","meta":{"footnotes":""},"categories":[1],"tags":[],"class_list":["post-1303","post","type-post","status-publish","format-standard","hentry","category-allgemein"],"_links":{"self":[{"href":"http:\/\/www.gruene-bergen-enkheim.de\/index.php?rest_route=\/wp\/v2\/posts\/1303","targetHints":{"allow":["GET"]}}],"collection":[{"href":"http:\/\/www.gruene-bergen-enkheim.de\/index.php?rest_route=\/wp\/v2\/posts"}],"about":[{"href":"http:\/\/www.gruene-bergen-enkheim.de\/index.php?rest_route=\/wp\/v2\/types\/post"}],"author":[{"embeddable":true,"href":"http:\/\/www.gruene-bergen-enkheim.de\/index.php?rest_route=\/wp\/v2\/users\/6"}],"replies":[{"embeddable":true,"href":"http:\/\/www.gruene-bergen-enkheim.de\/index.php?rest_route=%2Fwp%2Fv2%2Fcomments&post=1303"}],"version-history":[{"count":1,"href":"http:\/\/www.gruene-bergen-enkheim.de\/index.php?rest_route=\/wp\/v2\/posts\/1303\/revisions"}],"predecessor-version":[{"id":1305,"href":"http:\/\/www.gruene-bergen-enkheim.de\/index.php?rest_route=\/wp\/v2\/posts\/1303\/revisions\/1305"}],"wp:attachment":[{"href":"http:\/\/www.gruene-bergen-enkheim.de\/index.php?rest_route=%2Fwp%2Fv2%2Fmedia&parent=1303"}],"wp:term":[{"taxonomy":"category","embeddable":true,"href":"http:\/\/www.gruene-bergen-enkheim.de\/index.php?rest_route=%2Fwp%2Fv2%2Fcategories&post=1303"},{"taxonomy":"post_tag","embeddable":true,"href":"http:\/\/www.gruene-bergen-enkheim.de\/index.php?rest_route=%2Fwp%2Fv2%2Ftags&post=1303"}],"curies":[{"name":"wp","href":"https:\/\/api.w.org\/{rel}","templated":true}]}}