{"id":1489,"date":"2026-03-13T18:08:30","date_gmt":"2026-03-13T17:08:30","guid":{"rendered":"https:\/\/www.gruene-bergen-enkheim.de\/?p=1489"},"modified":"2026-03-13T18:08:31","modified_gmt":"2026-03-13T17:08:31","slug":"volles-haus-beim-gruenen-fruehstueck","status":"publish","type":"post","link":"https:\/\/www.gruene-bergen-enkheim.de\/?p=1489","title":{"rendered":"Volles Haus beim Gr\u00fcnen-Fr\u00fchst\u00fcck"},"content":{"rendered":"\n<p>Letzten Sonntag hatten die Gr\u00fcnen Bergen-Enkheim anl\u00e4sslich des Weltfrauentags und der Kommunalwahl&nbsp;am 15. M\u00e4rz&nbsp;alle interessierten B\u00fcrgerinnen und B\u00fcrger zum politischen Fr\u00fchst\u00fcck ins Caf\u00e9 Sch\u00e4tze Bergn eingeladen.<\/p>\n\n\n\n<p>Im bis auf den letzten Platz besetzten Caf\u00e9 begr\u00fc\u00dfte Constanze Nordbrock, Sprecherin der Stadtteilgruppe und Ortsbeiratsmitglied, alle Anwesenden sehr herzlich und stellte die f\u00fcr den Ortsbeirat kandidierenden Mitglieder der Gr\u00fcnen Bergen-Enkheim vor. Diese sagten jeweils ein paar S\u00e4tze zu ihrer Person und ihrer Motivation, in Bergen-Enkheim politisch t\u00e4tig zu sein bzw. werden zu wollen.<\/p>\n\n\n\n<p>Nach einer R\u00fcckschau \u00fcber die in der letzten Legislaturperiode geleistete Arbeit, die angesto\u00dfenen Projekte und gestellten Antr\u00e4ge gab es eine kleine Pause, in der sich die Besucherinnen und Besucher am reichhaltigen Fr\u00fchst\u00fccksbuffet bedienen konnten und es schon zum Austausch untereinander kam.<\/p>\n\n\n\n<p>Anschlie\u00dfend wurden die G\u00e4ste Dimitrios Bakakis, Vorsitzender der R\u00f6merfraktion und Spitzenkandidat der Gr\u00fcnen Frankfurt f\u00fcr die Stadtverordnetenversammlung, sowie Pia Tro\u00dfbach, Sprecherin der Gr\u00fcnen Jugend Frankfurt und ebenfalls Kandidatin f\u00fcr die Stadtverordnetenversammlung, offiziell begr\u00fc\u00dft. Beide stellten sich vor, berichteten \u00fcber ihren politischen Werdegang und die derzeitigen T\u00e4tigkeiten. Dimitrios Bakakis hat seine politische Arbeit in Bergen-Enkheim begonnen, lebt weiterhin im Stadtteil und hat bereits zweimal beim Schelmenspiel mitgewirkt. Pia Tro\u00dfbach studiert an der Goethe-Uni und ist u.a. Referentin der Heinrich-B\u00f6ll-Stiftung. Innerhalb der Gr\u00fcnen Frankfurt steht sie besonders f\u00fcr eine starke Politik f\u00fcr M\u00e4dchen und Frauen.<\/p>\n\n\n\n<p>Beide lie\u00dfen die letzte Legislaturperiode Revue passieren, erl\u00e4uterten die parlamentarische Arbeit sowie die Erfolge der Gr\u00fcnen f\u00fcr Frankfurt und beantworteten anschlie\u00dfend, gemeinsam mit den Mitgliedern der Stadtteilgruppe, alle Fragen der Anwesenden. Themen waren die Frauenpolitik, Schule\/Hort, die Umgestaltung des Schelmenburgplatzes, der Stra\u00dfenverkehr und die Mobilit\u00e4t in Bergen-Enkheim. Zu Letzterem betonten sowohl Constanze Nordbrock als auch Dimitrios Bakakis <strong>dass es mit den Gr\u00fcnen in Bergen-Enkheim und Frankfurt definitiv keine RTO Variante 1 und 2 geben wird, das ist in den Wahlprogrammen auch klar verankert.<\/strong><\/p>\n\n\n\n<p>Im Anschluss an den offiziellen Teil konnte noch in kleineren Gr\u00fcppchen diskutiert werden, das Geschehen verlagerte sich aufgrund des sch\u00f6nen Wetters teilweise noch in den Au\u00dfenbereich des Caf\u00e9s.<\/p>\n\n\n\n<p>Anja Schwetje, Co-Sprecherin der Gr\u00fcnen Bergen-Enkheim, zeigte sich sehr erfreut dar\u00fcber, dass die Veranstaltung so gut angenommen wurde. \u201eSchlie\u00dflich ist es das, was wir auch im Wahlprogramm f\u00fcr Bergen-Enkheim offiziell aufgenommen haben und schon lange praktizieren: gutes soziales Miteinander im Stadtteil, st\u00e4ndiger Austausch mit den B\u00fcrgerinnen und B\u00fcrgern sowie Vernetzung der unterschiedlichen Interessengruppen. Das funktioniert bei gemeinsamem Beisammensitzen und Essen besonders gut. Die begonnene Veranstaltungsreihe werden wir jeweils mit unterschiedlichen Themenschwerpunkten fortsetzen.\u201c<\/p>\n\n\n\n<figure class=\"wp-block-image size-large\"><a href=\"https:\/\/www.gruene-bergen-enkheim.de\/wp-content\/uploads\/2026\/03\/image0-scaled.jpeg\"><img loading=\"lazy\" decoding=\"async\" width=\"768\" height=\"1024\" src=\"https:\/\/www.gruene-bergen-enkheim.de\/wp-content\/uploads\/2026\/03\/image0-768x1024.jpeg\" alt=\"\" class=\"wp-image-1490\" srcset=\"https:\/\/www.gruene-bergen-enkheim.de\/wp-content\/uploads\/2026\/03\/image0-768x1024.jpeg 768w, https:\/\/www.gruene-bergen-enkheim.de\/wp-content\/uploads\/2026\/03\/image0-225x300.jpeg 225w, https:\/\/www.gruene-bergen-enkheim.de\/wp-content\/uploads\/2026\/03\/image0-1152x1536.jpeg 1152w, https:\/\/www.gruene-bergen-enkheim.de\/wp-content\/uploads\/2026\/03\/image0-1536x2048.jpeg 1536w, https:\/\/www.gruene-bergen-enkheim.de\/wp-content\/uploads\/2026\/03\/image0-scaled.jpeg 1920w\" sizes=\"auto, (max-width: 768px) 100vw, 768px\" \/><\/a><\/figure>\n","protected":false},"excerpt":{"rendered":"<p>Letzten Sonntag hatten die Gr\u00fcnen Bergen-Enkheim anl\u00e4sslich des Weltfrauentags und der Kommunalwahl&nbsp;am 15. M\u00e4rz&nbsp;alle interessierten B\u00fcrgerinnen und B\u00fcrger zum politischen Fr\u00fchst\u00fcck ins Caf\u00e9 Sch\u00e4tze Bergn eingeladen. Im bis auf den letzten Platz besetzten Caf\u00e9 begr\u00fc\u00dfte Constanze Nordbrock, Sprecherin der Stadtteilgruppe und Ortsbeiratsmitglied, alle Anwesenden sehr herzlich und stellte die f\u00fcr den Ortsbeirat kandidierenden Mitglieder der [&hellip;]<\/p>\n","protected":false},"author":6,"featured_media":0,"comment_status":"open","ping_status":"open","sticky":false,"template":"","format":"standard","meta":{"footnotes":""},"categories":[1],"tags":[],"class_list":["post-1489","post","type-post","status-publish","format-standard","hentry","category-allgemein"],"_links":{"self":[{"href":"https:\/\/www.gruene-bergen-enkheim.de\/index.php?rest_route=\/wp\/v2\/posts\/1489","targetHints":{"allow":["GET"]}}],"collection":[{"href":"https:\/\/www.gruene-bergen-enkheim.de\/index.php?rest_route=\/wp\/v2\/posts"}],"about":[{"href":"https:\/\/www.gruene-bergen-enkheim.de\/index.php?rest_route=\/wp\/v2\/types\/post"}],"author":[{"embeddable":true,"href":"https:\/\/www.gruene-bergen-enkheim.de\/index.php?rest_route=\/wp\/v2\/users\/6"}],"replies":[{"embeddable":true,"href":"https:\/\/www.gruene-bergen-enkheim.de\/index.php?rest_route=%2Fwp%2Fv2%2Fcomments&post=1489"}],"version-history":[{"count":1,"href":"https:\/\/www.gruene-bergen-enkheim.de\/index.php?rest_route=\/wp\/v2\/posts\/1489\/revisions"}],"predecessor-version":[{"id":1491,"href":"https:\/\/www.gruene-bergen-enkheim.de\/index.php?rest_route=\/wp\/v2\/posts\/1489\/revisions\/1491"}],"wp:attachment":[{"href":"https:\/\/www.gruene-bergen-enkheim.de\/index.php?rest_route=%2Fwp%2Fv2%2Fmedia&parent=1489"}],"wp:term":[{"taxonomy":"category","embeddable":true,"href":"https:\/\/www.gruene-bergen-enkheim.de\/index.php?rest_route=%2Fwp%2Fv2%2Fcategories&post=1489"},{"taxonomy":"post_tag","embeddable":true,"href":"https:\/\/www.gruene-bergen-enkheim.de\/index.php?rest_route=%2Fwp%2Fv2%2Ftags&post=1489"}],"curies":[{"name":"wp","href":"https:\/\/api.w.org\/{rel}","templated":true}]}}