{"id":1509,"date":"2026-03-16T14:29:14","date_gmt":"2026-03-16T13:29:14","guid":{"rendered":"https:\/\/www.gruene-bergen-enkheim.de\/?p=1509"},"modified":"2026-03-16T14:29:15","modified_gmt":"2026-03-16T13:29:15","slug":"frankfurt-cleanup-2026-am-21-maerz-in-bergen-enkheim","status":"publish","type":"post","link":"https:\/\/www.gruene-bergen-enkheim.de\/?p=1509","title":{"rendered":"Frankfurt Cleanup 2026 am 21. M\u00e4rz in Bergen-Enkheim"},"content":{"rendered":"\n<p>Frankfurt Cleanup 2026 in Bergen-Enkheim<\/p>\n\n\n\n<p>21.03.26, 11:00 Uhr, Ecke Rangenbergstra\u00dfe\/Bornweidstra\u00dfe<\/p>\n\n\n\n<p>Als Gruppe ziehen wir los, um Fl\u00e4chen, Pl\u00e4tze und Gehwege von hingeworfenem M\u00fcll und vor allem Zigarettenkippen zu befreien. Eine Aktion, um das Bewusstsein f\u00fcr M\u00fcll, der in M\u00fclltonnen, nicht in die freie Wildbahn geh\u00f6rt, zu sch\u00e4rfen. Zangen, M\u00fcllbeutel und Handschuhe sind vorhanden.<\/p>\n\n\n\n<p>Wir freuen uns \u00fcber jede*n weitere Teilnehmer*in!<\/p>\n\n\n\n<p>Anmeldung nicht erforderlich.<\/p>\n\n\n\n<figure class=\"wp-block-image size-large\"><a href=\"https:\/\/www.gruene-bergen-enkheim.de\/wp-content\/uploads\/2026\/03\/Frankfurt-Cleanup-2.png\"><img loading=\"lazy\" decoding=\"async\" width=\"1024\" height=\"479\" src=\"https:\/\/www.gruene-bergen-enkheim.de\/wp-content\/uploads\/2026\/03\/Frankfurt-Cleanup-2-1024x479.png\" alt=\"\" class=\"wp-image-1510\" srcset=\"https:\/\/www.gruene-bergen-enkheim.de\/wp-content\/uploads\/2026\/03\/Frankfurt-Cleanup-2-1024x479.png 1024w, https:\/\/www.gruene-bergen-enkheim.de\/wp-content\/uploads\/2026\/03\/Frankfurt-Cleanup-2-300x140.png 300w, https:\/\/www.gruene-bergen-enkheim.de\/wp-content\/uploads\/2026\/03\/Frankfurt-Cleanup-2-768x359.png 768w, https:\/\/www.gruene-bergen-enkheim.de\/wp-content\/uploads\/2026\/03\/Frankfurt-Cleanup-2-1536x718.png 1536w, https:\/\/www.gruene-bergen-enkheim.de\/wp-content\/uploads\/2026\/03\/Frankfurt-Cleanup-2.png 1920w\" sizes=\"auto, (max-width: 1024px) 100vw, 1024px\" \/><\/a><\/figure>\n\n\n\n<p><a href=\"https:\/\/cleanup.fes-frankfurt.de\">https:\/\/cleanup.fes-frankfurt.de<\/a><\/p>\n","protected":false},"excerpt":{"rendered":"<p>Frankfurt Cleanup 2026 in Bergen-Enkheim 21.03.26, 11:00 Uhr, Ecke Rangenbergstra\u00dfe\/Bornweidstra\u00dfe Als Gruppe ziehen wir los, um Fl\u00e4chen, Pl\u00e4tze und Gehwege von hingeworfenem M\u00fcll und vor allem Zigarettenkippen zu befreien. Eine Aktion, um das Bewusstsein f\u00fcr M\u00fcll, der in M\u00fclltonnen, nicht in die freie Wildbahn geh\u00f6rt, zu sch\u00e4rfen. Zangen, M\u00fcllbeutel und Handschuhe sind vorhanden. Wir freuen [&hellip;]<\/p>\n","protected":false},"author":6,"featured_media":0,"comment_status":"open","ping_status":"open","sticky":false,"template":"","format":"standard","meta":{"footnotes":""},"categories":[1],"tags":[],"class_list":["post-1509","post","type-post","status-publish","format-standard","hentry","category-allgemein"],"_links":{"self":[{"href":"https:\/\/www.gruene-bergen-enkheim.de\/index.php?rest_route=\/wp\/v2\/posts\/1509","targetHints":{"allow":["GET"]}}],"collection":[{"href":"https:\/\/www.gruene-bergen-enkheim.de\/index.php?rest_route=\/wp\/v2\/posts"}],"about":[{"href":"https:\/\/www.gruene-bergen-enkheim.de\/index.php?rest_route=\/wp\/v2\/types\/post"}],"author":[{"embeddable":true,"href":"https:\/\/www.gruene-bergen-enkheim.de\/index.php?rest_route=\/wp\/v2\/users\/6"}],"replies":[{"embeddable":true,"href":"https:\/\/www.gruene-bergen-enkheim.de\/index.php?rest_route=%2Fwp%2Fv2%2Fcomments&post=1509"}],"version-history":[{"count":1,"href":"https:\/\/www.gruene-bergen-enkheim.de\/index.php?rest_route=\/wp\/v2\/posts\/1509\/revisions"}],"predecessor-version":[{"id":1511,"href":"https:\/\/www.gruene-bergen-enkheim.de\/index.php?rest_route=\/wp\/v2\/posts\/1509\/revisions\/1511"}],"wp:attachment":[{"href":"https:\/\/www.gruene-bergen-enkheim.de\/index.php?rest_route=%2Fwp%2Fv2%2Fmedia&parent=1509"}],"wp:term":[{"taxonomy":"category","embeddable":true,"href":"https:\/\/www.gruene-bergen-enkheim.de\/index.php?rest_route=%2Fwp%2Fv2%2Fcategories&post=1509"},{"taxonomy":"post_tag","embeddable":true,"href":"https:\/\/www.gruene-bergen-enkheim.de\/index.php?rest_route=%2Fwp%2Fv2%2Ftags&post=1509"}],"curies":[{"name":"wp","href":"https:\/\/api.w.org\/{rel}","templated":true}]}}